{"id":64,"date":"2025-09-10T00:20:14","date_gmt":"2025-09-10T03:20:14","guid":{"rendered":"https:\/\/www.soyvalerios.com.ar\/?p=64"},"modified":"2026-08-31T12:03:33","modified_gmt":"2026-08-31T15:03:33","slug":"la-poetica-constructiva-de-jorge-scrimaglio","status":"publish","type":"post","link":"https:\/\/www.soyvalerios.com.ar\/blog\/arquitectura\/patrimonio\/la-poetica-constructiva-de-jorge-scrimaglio\/","title":{"rendered":"La po\u00e9tica constructiva de Jorge Scrimaglio"},"content":{"rendered":"\n<p><strong>Parroquia San Antonio Mar\u00eda Gianelli: propuesta de declaratoria patrimonial<\/strong><\/p>\n\n\n\n<p>Me llena de orgullo compartir mi Trabajo Integrador Final (TIF) realizado en el marco de la Diplomatura en Gesti\u00f3n e Intervenci\u00f3n del Patrimonio Arquitect\u00f3nico y Urbano (Universidad de Mendoza, cohorte 2025).<\/p>\n\n\n\n<p>En este trabajo propongo la <strong>declaratoria como Bien del Patrimonio Cultural<\/strong> de la Parroquia San Antonio Mar\u00eda Gianelli, una obra clave del arquitecto rosarino Jorge Scrimaglio. Desde un enfoque arquitect\u00f3nico, simb\u00f3lico, social y proyectual, analizo la relevancia de esta iglesia como expresi\u00f3n de una arquitectura situada, austera y profundamente \u00e9tica.<\/p>\n\n\n\n<hr class=\"wp-block-separator has-alpha-channel-opacity\"\/>\n\n\n\n<h6 class=\"wp-block-heading\">\ud83d\udccd Mapa interactivo de las obras de Scrimaglio<\/h6>\n\n\n\n<p>Como parte del trabajo, desarroll\u00e9 un <strong>mapa interactivo colaborativo<\/strong> donde se geolocalizan las principales obras del autor, tanto documentadas como en riesgo.<br>\ud83d\uddfa\ufe0f <a href=\"https:\/\/www.google.com\/maps\/d\/edit?mid=10SjlNIGbg3s_CCHbRuy_pCb6DFEu4Gg&amp;usp=sharing&amp;utm_source=chatgpt.com\">\u2192 Acceder al mapa de obras de Jorge Scrimaglio<\/a><\/p>\n\n\n\n<blockquote class=\"wp-block-quote is-layout-flow wp-block-quote-is-layout-flow\">\n<p>Si conoc\u00e9s alguna obra no incluida, pod\u00e9s contactarme para seguir ampliando este registro colaborativo.<\/p>\n<\/blockquote>\n\n\n\n<hr class=\"wp-block-separator has-alpha-channel-opacity\"\/>\n\n\n\n<h6 class=\"wp-block-heading\">\ud83d\udcc4 Descargar y leer el trabajo completo (PDF)<\/h6>\n\n\n\n<blockquote class=\"wp-block-quote is-layout-flow wp-block-quote-is-layout-flow\">\n<p>A continuaci\u00f3n comparto el trabajo completo en formato PDF.<br>\ud83d\udc49 <em>Solo para lectura acad\u00e9mica y difusi\u00f3n cultural. Si se cita o comparte, se agradece mencionar la autor\u00eda: <strong>Vale R\u00edos<\/strong><\/em>.<\/p>\n<\/blockquote>\n\n\n\n<div data-wp-interactive=\"core\/file\" class=\"wp-block-file\"><object data-wp-bind--hidden=\"!state.hasPdfPreview\" hidden class=\"wp-block-file__embed\" data=\"https:\/\/www.soyvalerios.com.ar\/blog\/wp-content\/uploads\/2025\/09\/TIF-DiGIPAU-RIOS-comprimido.pdf\" type=\"application\/pdf\" style=\"width:100%;height:570px\" aria-label=\"Embed of TIF DiGIPAU - RIOS-comprimido.\"><\/object><a id=\"wp-block-file--media-763f8b52-8448-45ff-9000-46d5f71910df\" href=\"https:\/\/www.soyvalerios.com.ar\/blog\/wp-content\/uploads\/2025\/09\/TIF-DiGIPAU-RIOS-comprimido.pdf\">TIF DiGIPAU &#8211; RIOS-comprimido<\/a><\/div>\n\n\n\n<p><strong>\ud83d\udcda&nbsp;Cita APA sugerida para referencias:<\/strong><\/p>\n\n\n\n<blockquote class=\"wp-block-quote is-layout-flow wp-block-quote-is-layout-flow\">\n<p>R\u00edos, V. (2025). <em>La po\u00e9tica constructiva de Jorge Scrimaglio: Parroquia San Antonio Mar\u00eda Gianelli. Propuesta de declaratoria como Bien del Patrimonio Cultural<\/em>. Universidad de Mendoza, Diplomatura en Gesti\u00f3n e Intervenci\u00f3n del Patrimonio Arquitect\u00f3nico y Urbano.<\/p>\n<\/blockquote>\n\n\n\n<p><\/p>\n","protected":false},"excerpt":{"rendered":"<p>Parroquia San Antonio Mar\u00eda Gianelli: propuesta de declaratoria patrimonial Me llena de orgullo compartir mi Trabajo Integrador Final (TIF) realizado en el marco de la Diplomatura en Gesti\u00f3n e Intervenci\u00f3n del Patrimonio Arquitect\u00f3nico y Urbano (Universidad de Mendoza, cohorte 2025). En este trabajo propongo la declaratoria como Bien del Patrimonio Cultural de la Parroquia San &#8230; <a title=\"La po\u00e9tica constructiva de Jorge Scrimaglio\" class=\"read-more\" href=\"https:\/\/www.soyvalerios.com.ar\/blog\/arquitectura\/patrimonio\/la-poetica-constructiva-de-jorge-scrimaglio\/\" aria-label=\"Read more about La po\u00e9tica constructiva de Jorge Scrimaglio\">Read more<\/a><\/p>\n","protected":false},"author":1,"featured_media":67,"comment_status":"closed","ping_status":"open","sticky":false,"template":"","format":"standard","meta":{"footnotes":""},"categories":[10],"tags":[],"class_list":["post-64","post","type-post","status-publish","format-standard","has-post-thumbnail","hentry","category-patrimonio"],"_links":{"self":[{"href":"https:\/\/www.soyvalerios.com.ar\/blog\/wp-json\/wp\/v2\/posts\/64","targetHints":{"allow":["GET"]}}],"collection":[{"href":"https:\/\/www.soyvalerios.com.ar\/blog\/wp-json\/wp\/v2\/posts"}],"about":[{"href":"https:\/\/www.soyvalerios.com.ar\/blog\/wp-json\/wp\/v2\/types\/post"}],"author":[{"embeddable":true,"href":"https:\/\/www.soyvalerios.com.ar\/blog\/wp-json\/wp\/v2\/users\/1"}],"replies":[{"embeddable":true,"href":"https:\/\/www.soyvalerios.com.ar\/blog\/wp-json\/wp\/v2\/comments?post=64"}],"version-history":[{"count":3,"href":"https:\/\/www.soyvalerios.com.ar\/blog\/wp-json\/wp\/v2\/posts\/64\/revisions"}],"predecessor-version":[{"id":111,"href":"https:\/\/www.soyvalerios.com.ar\/blog\/wp-json\/wp\/v2\/posts\/64\/revisions\/111"}],"wp:featuredmedia":[{"embeddable":true,"href":"https:\/\/www.soyvalerios.com.ar\/blog\/wp-json\/wp\/v2\/media\/67"}],"wp:attachment":[{"href":"https:\/\/www.soyvalerios.com.ar\/blog\/wp-json\/wp\/v2\/media?parent=64"}],"wp:term":[{"taxonomy":"category","embeddable":true,"href":"https:\/\/www.soyvalerios.com.ar\/blog\/wp-json\/wp\/v2\/categories?post=64"},{"taxonomy":"post_tag","embeddable":true,"href":"https:\/\/www.soyvalerios.com.ar\/blog\/wp-json\/wp\/v2\/tags?post=64"}],"curies":[{"name":"wp","href":"https:\/\/api.w.org\/{rel}","templated":true}]}}