{"id":47,"date":"2025-08-29T14:26:43","date_gmt":"2025-08-29T17:26:43","guid":{"rendered":"https:\/\/www.soyvalerios.com.ar\/?p=47"},"modified":"2026-08-31T12:05:09","modified_gmt":"2026-08-31T15:05:09","slug":"resignificar-lo-sagrado","status":"publish","type":"post","link":"https:\/\/www.soyvalerios.com.ar\/blog\/arquitectura\/patrimonio\/resignificar-lo-sagrado\/","title":{"rendered":"Resignificar lo sagrado: experiencias en la Parroquia Mar\u00eda Auxiliadora"},"content":{"rendered":"\n<p>En esta entrada comparto un trabajo realizado en el marco de la Diplomatura en Gesti\u00f3n e Intervenci\u00f3n del Patrimonio Arquitect\u00f3nico y Urbano (UM), donde analizo dos intervenciones espec\u00edficas en la Parroquia Mar\u00eda Auxiliadora de Rosario, una obra neog\u00f3tica del Arq. Ernesto Vespignani construida entre 1925 y 1927.<\/p>\n\n\n\n<p>La investigaci\u00f3n articula aspectos t\u00e9cnicos y simb\u00f3licos vinculados a dos espacios patrimoniales con fuerte carga lit\u00fargica:<\/p>\n\n\n\n<p>\ud83d\udd39 La <strong>iluminaci\u00f3n esc\u00e9nica del Camar\u00edn de la Virgen<\/strong>, ya ejecutada en 2024, que transform\u00f3 la experiencia devocional sin alterar el patrimonio f\u00edsico.<\/p>\n\n\n\n<p>\ud83d\udd39 El proyecto de <strong>cinerario parroquial en la cripta<\/strong>, actualmente en evaluaci\u00f3n, que plantea preguntas fundamentales sobre c\u00f3mo intervenir con sensibilidad en espacios sagrados.<\/p>\n\n\n\n<p>Ambas intervenciones fueron abordadas desde una mirada cr\u00edtica y afectiva, que combina formaci\u00f3n acad\u00e9mica, experiencia personal y di\u00e1logo con la comunidad religiosa.<\/p>\n\n\n\n<blockquote class=\"wp-block-quote is-layout-flow wp-block-quote-is-layout-flow\">\n<p>\u201cMi v\u00ednculo con esta parroquia se profundiz\u00f3 a ra\u00edz del fallecimiento de mi esposo. El dise\u00f1o del cinerario es tambi\u00e9n una forma de integrar la experiencia vivida con mi formaci\u00f3n profesional.\u201d<br>\u2014 Vale R\u00edos<\/p>\n<\/blockquote>\n\n\n\n<hr class=\"wp-block-separator has-alpha-channel-opacity\"\/>\n\n\n\n<p>\ud83d\udcc4 <strong>Consulta el trabajo completo en PDF<\/strong><br><\/p>\n\n\n\n<div data-wp-interactive=\"core\/file\" class=\"wp-block-file\"><object data-wp-bind--hidden=\"!state.hasPdfPreview\" hidden class=\"wp-block-file__embed\" data=\"https:\/\/www.soyvalerios.com.ar\/blog\/wp-content\/uploads\/2025\/08\/DIGIPAU-M2-M4-Bienes-Historicos-RIOS-Valeria.pdf\" type=\"application\/pdf\" style=\"width:100%;height:600px\" aria-label=\"Embed of DIGIPAU M2 M4 Bienes Historicos RIOS Valeria.\"><\/object><a id=\"wp-block-file--media-c3f5b2e7-f6b0-409f-b81c-7967d7cc3f1b\" href=\"https:\/\/www.soyvalerios.com.ar\/blog\/wp-content\/uploads\/2025\/08\/DIGIPAU-M2-M4-Bienes-Historicos-RIOS-Valeria.pdf\">DIGIPAU M2 M4 Bienes Historicos RIOS Valeria<\/a><\/div>\n\n\n\n<div data-wp-interactive=\"core\/file\" class=\"wp-block-file\"><object data-wp-bind--hidden=\"!state.hasPdfPreview\" hidden class=\"wp-block-file__embed\" data=\"https:\/\/www.soyvalerios.com.ar\/wp-content\/uploads\/2025\/08\/AA-PRESENTACION.pdf\" type=\"application\/pdf\" style=\"width:100%;height:600px\" aria-label=\"Embed of AA PRESENTACION.\"><\/object><a id=\"wp-block-file--media-0a90383e-eae9-4de5-a0f4-30907e463eb5\" href=\"https:\/\/www.soyvalerios.com.ar\/wp-content\/uploads\/2025\/08\/AA-PRESENTACION.pdf\">AA PRESENTACION<\/a><\/div>\n\n\n\n<blockquote class=\"wp-block-quote is-layout-flow wp-block-quote-is-layout-flow\">\n<p>Este trabajo se comparte con fines acad\u00e9micos y de divulgaci\u00f3n. Si se utiliza total o parcialmente, se agradece citar la autor\u00eda: <strong>Vale R\u00edos<\/strong>.<\/p>\n<\/blockquote>\n\n\n\n<hr class=\"wp-block-separator has-alpha-channel-opacity\"\/>\n\n\n\n<p>\ud83d\udcda <strong>Cita APA sugerida para referencias<\/strong>:<\/p>\n\n\n\n<blockquote class=\"wp-block-quote is-layout-flow wp-block-quote-is-layout-flow\">\n<p>R\u00edos, V. (2025). <em>Metodolog\u00eda de intervenci\u00f3n en bienes hist\u00f3ricos: Parroquia Mar\u00eda Auxiliadora de Rosario<\/em> (Versi\u00f3n acad\u00e9mica). Universidad de Mendoza, Diplomatura en Gesti\u00f3n e Intervenci\u00f3n del Patrimonio Arquitect\u00f3nico y Urbano. Recuperado de: <a href=\"https:\/\/www.soyvalerios.com.ar\/arquitectura\/patrimonio\/resignificar-lo-sagrado\/\">https:\/\/www.soyvalerios.com.ar\/arquitectura\/patrimonio\/resignificar-lo-sagrado\/<\/a><\/p>\n<\/blockquote>\n\n\n\n<p><\/p>\n","protected":false},"excerpt":{"rendered":"<p>En esta entrada comparto un trabajo realizado en el marco de la Diplomatura en Gesti\u00f3n e Intervenci\u00f3n del Patrimonio Arquitect\u00f3nico y Urbano (UM), donde analizo dos intervenciones espec\u00edficas en la Parroquia Mar\u00eda Auxiliadora de Rosario, una obra neog\u00f3tica del Arq. Ernesto Vespignani construida entre 1925 y 1927. La investigaci\u00f3n articula aspectos t\u00e9cnicos y simb\u00f3licos vinculados &#8230; <a title=\"Resignificar lo sagrado: experiencias en la Parroquia Mar\u00eda Auxiliadora\" class=\"read-more\" href=\"https:\/\/www.soyvalerios.com.ar\/blog\/arquitectura\/patrimonio\/resignificar-lo-sagrado\/\" aria-label=\"Read more about Resignificar lo sagrado: experiencias en la Parroquia Mar\u00eda Auxiliadora\">Read more<\/a><\/p>\n","protected":false},"author":1,"featured_media":52,"comment_status":"closed","ping_status":"open","sticky":false,"template":"","format":"standard","meta":{"footnotes":""},"categories":[10],"tags":[],"class_list":["post-47","post","type-post","status-publish","format-standard","has-post-thumbnail","hentry","category-patrimonio"],"_links":{"self":[{"href":"https:\/\/www.soyvalerios.com.ar\/blog\/wp-json\/wp\/v2\/posts\/47","targetHints":{"allow":["GET"]}}],"collection":[{"href":"https:\/\/www.soyvalerios.com.ar\/blog\/wp-json\/wp\/v2\/posts"}],"about":[{"href":"https:\/\/www.soyvalerios.com.ar\/blog\/wp-json\/wp\/v2\/types\/post"}],"author":[{"embeddable":true,"href":"https:\/\/www.soyvalerios.com.ar\/blog\/wp-json\/wp\/v2\/users\/1"}],"replies":[{"embeddable":true,"href":"https:\/\/www.soyvalerios.com.ar\/blog\/wp-json\/wp\/v2\/comments?post=47"}],"version-history":[{"count":5,"href":"https:\/\/www.soyvalerios.com.ar\/blog\/wp-json\/wp\/v2\/posts\/47\/revisions"}],"predecessor-version":[{"id":112,"href":"https:\/\/www.soyvalerios.com.ar\/blog\/wp-json\/wp\/v2\/posts\/47\/revisions\/112"}],"wp:featuredmedia":[{"embeddable":true,"href":"https:\/\/www.soyvalerios.com.ar\/blog\/wp-json\/wp\/v2\/media\/52"}],"wp:attachment":[{"href":"https:\/\/www.soyvalerios.com.ar\/blog\/wp-json\/wp\/v2\/media?parent=47"}],"wp:term":[{"taxonomy":"category","embeddable":true,"href":"https:\/\/www.soyvalerios.com.ar\/blog\/wp-json\/wp\/v2\/categories?post=47"},{"taxonomy":"post_tag","embeddable":true,"href":"https:\/\/www.soyvalerios.com.ar\/blog\/wp-json\/wp\/v2\/tags?post=47"}],"curies":[{"name":"wp","href":"https:\/\/api.w.org\/{rel}","templated":true}]}}