{"id":36,"date":"2025-08-29T13:46:28","date_gmt":"2025-08-29T16:46:28","guid":{"rendered":"https:\/\/www.soyvalerios.com.ar\/?p=36"},"modified":"2026-08-31T12:06:38","modified_gmt":"2026-08-31T15:06:38","slug":"la-casa-de-los-abuelos-de-antonio-berni","status":"publish","type":"post","link":"https:\/\/www.soyvalerios.com.ar\/blog\/arquitectura\/patrimonio\/la-casa-de-los-abuelos-de-antonio-berni\/","title":{"rendered":"La casa de los abuelos de Antonio Berni"},"content":{"rendered":"\n<p>Para dar inicio a esta secci\u00f3n del blog, quiero compartir uno de mis primeros trabajos realizados en el marco de la Diplomatura en Gesti\u00f3n e Intervenci\u00f3n del Patrimonio Arquitect\u00f3nico y Urbano (UM). Se trata de una ficha patrimonial sobre la casa de los abuelos maternos del artista Antonio Berni, ubicada en Rold\u00e1n, Santa Fe (Argentina).<\/p>\n\n\n\n<p>El proceso fue mucho m\u00e1s que acad\u00e9mico: implic\u00f3 una b\u00fasqueda activa, contacto con la Fundaci\u00f3n Juanito y Ramona, reinterpretaci\u00f3n gr\u00e1fica y una gran carga afectiva. Fue una oportunidad para entender c\u00f3mo los bienes patrimoniales no siempre est\u00e1n protegidos oficialmente, pero s\u00ed habitan la memoria de una comunidad.<\/p>\n\n\n\n<p>Este tipo de experiencias enriquecen no solo mi formaci\u00f3n, sino tambi\u00e9n mi mirada como arquitecta. <\/p>\n\n\n\n<p>A continuaci\u00f3n comparto mi trabajo para que pueda ser consultado con fines acad\u00e9micos y de divulgaci\u00f3n. A m\u00ed me result\u00f3 dif\u00edcil encontrar informaci\u00f3n precisa sobre este caso patrimonial, por lo que decid\u00ed contribuir con esta ficha t\u00e9cnica, investigaci\u00f3n contextual y material gr\u00e1fico que fui construyendo a lo largo del proceso.<\/p>\n\n\n\n<p>Si utiliz\u00e1s su contenido no olvides citarme \ud83e\udd13<\/p>\n\n\n\n<div data-wp-interactive=\"core\/file\" class=\"wp-block-file\"><object data-wp-bind--hidden=\"!state.hasPdfPreview\" hidden class=\"wp-block-file__embed\" data=\"https:\/\/www.soyvalerios.com.ar\/blog\/wp-content\/uploads\/2025\/08\/DIGIPAU-M1-M4-Instrumentos-RIOS-Valeria.pdf\" type=\"application\/pdf\" style=\"width:100%;height:600px\" aria-label=\"Embed of DIGIPAU M1 M4 Instrumentos RIOS Valeria.\"><\/object><a id=\"wp-block-file--media-b562d99b-fc0a-496a-914b-d73267ad4d6e\" href=\"https:\/\/www.soyvalerios.com.ar\/blog\/wp-content\/uploads\/2025\/08\/DIGIPAU-M1-M4-Instrumentos-RIOS-Valeria.pdf\">DIGIPAU M1 M4 Instrumentos RIOS Valeria<\/a><\/div>\n\n\n\n<p>Cita para trabajos acad\u00e9micos:<br>R\u00edos, V. (2025). <em>Instrumentos para la identificaci\u00f3n y valoraci\u00f3n del patrimonio: La casa de los abuelos de Antonio Berni<\/em> (Versi\u00f3n corregida). Universidad de Mendoza, Diplomatura en Gesti\u00f3n e Intervenci\u00f3n del Patrimonio Arquitect\u00f3nico y Urbano. Recuperado de: <a href=\"https:\/\/www.soyvalerios.com.ar\/arquitectura\/patrimonio\/la-casa-de-los-abuelos-de-antonio-berni\/\">https:\/\/www.soyvalerios.com.ar\/arquitectura\/patrimonio\/la-casa-de-los-abuelos-de-antonio-berni\/<\/a><\/p>\n\n\n\n<h3 class=\"wp-block-heading\"><\/h3>\n\n\n\n<p><\/p>\n","protected":false},"excerpt":{"rendered":"<p>Para dar inicio a esta secci\u00f3n del blog, quiero compartir uno de mis primeros trabajos realizados en el marco de la Diplomatura en Gesti\u00f3n e Intervenci\u00f3n del Patrimonio Arquitect\u00f3nico y Urbano (UM). Se trata de una ficha patrimonial sobre la casa de los abuelos maternos del artista Antonio Berni, ubicada en Rold\u00e1n, Santa Fe (Argentina). &#8230; <a title=\"La casa de los abuelos de Antonio Berni\" class=\"read-more\" href=\"https:\/\/www.soyvalerios.com.ar\/blog\/arquitectura\/patrimonio\/la-casa-de-los-abuelos-de-antonio-berni\/\" aria-label=\"Read more about La casa de los abuelos de Antonio Berni\">Read more<\/a><\/p>\n","protected":false},"author":1,"featured_media":43,"comment_status":"closed","ping_status":"open","sticky":false,"template":"","format":"standard","meta":{"footnotes":""},"categories":[10],"tags":[],"class_list":["post-36","post","type-post","status-publish","format-standard","has-post-thumbnail","hentry","category-patrimonio"],"_links":{"self":[{"href":"https:\/\/www.soyvalerios.com.ar\/blog\/wp-json\/wp\/v2\/posts\/36","targetHints":{"allow":["GET"]}}],"collection":[{"href":"https:\/\/www.soyvalerios.com.ar\/blog\/wp-json\/wp\/v2\/posts"}],"about":[{"href":"https:\/\/www.soyvalerios.com.ar\/blog\/wp-json\/wp\/v2\/types\/post"}],"author":[{"embeddable":true,"href":"https:\/\/www.soyvalerios.com.ar\/blog\/wp-json\/wp\/v2\/users\/1"}],"replies":[{"embeddable":true,"href":"https:\/\/www.soyvalerios.com.ar\/blog\/wp-json\/wp\/v2\/comments?post=36"}],"version-history":[{"count":3,"href":"https:\/\/www.soyvalerios.com.ar\/blog\/wp-json\/wp\/v2\/posts\/36\/revisions"}],"predecessor-version":[{"id":113,"href":"https:\/\/www.soyvalerios.com.ar\/blog\/wp-json\/wp\/v2\/posts\/36\/revisions\/113"}],"wp:featuredmedia":[{"embeddable":true,"href":"https:\/\/www.soyvalerios.com.ar\/blog\/wp-json\/wp\/v2\/media\/43"}],"wp:attachment":[{"href":"https:\/\/www.soyvalerios.com.ar\/blog\/wp-json\/wp\/v2\/media?parent=36"}],"wp:term":[{"taxonomy":"category","embeddable":true,"href":"https:\/\/www.soyvalerios.com.ar\/blog\/wp-json\/wp\/v2\/categories?post=36"},{"taxonomy":"post_tag","embeddable":true,"href":"https:\/\/www.soyvalerios.com.ar\/blog\/wp-json\/wp\/v2\/tags?post=36"}],"curies":[{"name":"wp","href":"https:\/\/api.w.org\/{rel}","templated":true}]}}