{"id":1,"date":"2025-08-21T14:23:30","date_gmt":"2025-08-21T14:23:30","guid":{"rendered":"https:\/\/www.soyvalerios.com.ar\/?p=1"},"modified":"2025-08-29T13:52:31","modified_gmt":"2025-08-29T16:52:31","slug":"hello-world","status":"publish","type":"post","link":"https:\/\/www.soyvalerios.com.ar\/blog\/cosas\/hello-world\/","title":{"rendered":"Bienvenida"},"content":{"rendered":"\n<p><strong>\u00bfPor qu\u00e9 este espacio?<\/strong><\/p>\n\n\n\n<p>Este sitio es una manera de ordenar lo que hago y lo que me interesa. Una especie de cuaderno digital donde conviven mis proyectos, mis b\u00fasquedas y mis recorridos, tanto profesionales como formativos.<\/p>\n\n\n\n<p>Trabajo como arquitecta, con experiencia en tecnolog\u00eda e innovaci\u00f3n urbana, y actualmente me estoy especializando en patrimonio y educaci\u00f3n.<br><br>Este espacio no pretende ser un CV tradicional ni un porfolio armado solo para mostrar \u201cresultados\u201d, sino un lugar donde puedo pensar en voz alta, registrar procesos, compartir ideas, y \u2014por qu\u00e9 no\u2014 encontrar puntos de encuentro con otras personas.<\/p>\n\n\n\n<p>Voy a ir subiendo cosas que me importan: trabajos pasados, proyectos en curso, referencias que me inspiran, avances de mi formaci\u00f3n y reflexiones sobre el espacio, la ciudad, la memoria y el aprendizaje.<br><br>Todo eso que a veces no entra en una bio o un formulario, pero que forma parte del hacer.<\/p>\n\n\n\n<p>Si alguien encuentra algo \u00fatil en este recorrido \u2014una idea, una pregunta, una oportunidad de trabajar juntos\u2014 bienvenido sea.<\/p>\n\n\n\n<p><\/p>\n","protected":false},"excerpt":{"rendered":"<p>\u00bfPor qu\u00e9 este espacio? Este sitio es una manera de ordenar lo que hago y lo que me interesa. Una especie de cuaderno digital donde conviven mis proyectos, mis b\u00fasquedas y mis recorridos, tanto profesionales como formativos. Trabajo como arquitecta, con experiencia en tecnolog\u00eda e innovaci\u00f3n urbana, y actualmente me estoy especializando en patrimonio y &#8230; <a title=\"Bienvenida\" class=\"read-more\" href=\"https:\/\/www.soyvalerios.com.ar\/blog\/cosas\/hello-world\/\" aria-label=\"Read more about Bienvenida\">Read more<\/a><\/p>\n","protected":false},"author":1,"featured_media":28,"comment_status":"closed","ping_status":"closed","sticky":false,"template":"","format":"standard","meta":{"footnotes":""},"categories":[8],"tags":[],"class_list":["post-1","post","type-post","status-publish","format-standard","has-post-thumbnail","hentry","category-cosas"],"_links":{"self":[{"href":"https:\/\/www.soyvalerios.com.ar\/blog\/wp-json\/wp\/v2\/posts\/1","targetHints":{"allow":["GET"]}}],"collection":[{"href":"https:\/\/www.soyvalerios.com.ar\/blog\/wp-json\/wp\/v2\/posts"}],"about":[{"href":"https:\/\/www.soyvalerios.com.ar\/blog\/wp-json\/wp\/v2\/types\/post"}],"author":[{"embeddable":true,"href":"https:\/\/www.soyvalerios.com.ar\/blog\/wp-json\/wp\/v2\/users\/1"}],"replies":[{"embeddable":true,"href":"https:\/\/www.soyvalerios.com.ar\/blog\/wp-json\/wp\/v2\/comments?post=1"}],"version-history":[{"count":1,"href":"https:\/\/www.soyvalerios.com.ar\/blog\/wp-json\/wp\/v2\/posts\/1\/revisions"}],"predecessor-version":[{"id":14,"href":"https:\/\/www.soyvalerios.com.ar\/blog\/wp-json\/wp\/v2\/posts\/1\/revisions\/14"}],"wp:featuredmedia":[{"embeddable":true,"href":"https:\/\/www.soyvalerios.com.ar\/blog\/wp-json\/wp\/v2\/media\/28"}],"wp:attachment":[{"href":"https:\/\/www.soyvalerios.com.ar\/blog\/wp-json\/wp\/v2\/media?parent=1"}],"wp:term":[{"taxonomy":"category","embeddable":true,"href":"https:\/\/www.soyvalerios.com.ar\/blog\/wp-json\/wp\/v2\/categories?post=1"},{"taxonomy":"post_tag","embeddable":true,"href":"https:\/\/www.soyvalerios.com.ar\/blog\/wp-json\/wp\/v2\/tags?post=1"}],"curies":[{"name":"wp","href":"https:\/\/api.w.org\/{rel}","templated":true}]}}